{"id":1630,"date":"2021-07-26T14:04:19","date_gmt":"2021-07-26T12:04:19","guid":{"rendered":"https:\/\/www.it-ps.at\/?p=3580"},"modified":"2024-10-16T11:10:02","modified_gmt":"2024-10-16T09:10:02","slug":"anja-dlauhy-belegt-den-24-platz-bei-u20-em-in-tallinn","status":"publish","type":"post","link":"https:\/\/www.it-ps.de\/en\/anja-dlauhy-belegt-den-24-platz-bei-u20-em-in-tallinn\/","title":{"rendered":"Anja Dlauhy belegt den 24. Platz bei U20 EM in Tallinn"},"content":{"rendered":"\n<p>Die junge Leichtathletin, die wir f\u00f6rdern, erreichte bei der U20 EM in Tallinn den 24. Platz. Wie sie die H\u00f6hen und Tiefen des Wettkampfs erlebte, lesen Sie hier<\/p>\n\n\n\n<!--more-->\n\n\n\n<h2 class=\"has-col-16-abdd-color has-text-color wp-block-heading\"><\/h2>\n\n\n\n<p>Wegen der strengen COVID-19-Sicherheitsauflagen waren pro Session (jeweils eine Vormittag und Nachmittag) immer nur maximal 1000 Zuseher\/innen zugelassen, die strikt von den Athletinnen und Athleten getrennt wurden und keine Ber\u00fchrungspunkte hatten. F\u00fcr die Aktiven galt eine t\u00e4gliche PCR-Testverpflichtung, f\u00fcr die Coaches sogar MNS-Pflicht am gesamten Gel\u00e4nde.<\/p>\n\n\n\n<p>WarmUp erfolgte am neben dem Stadion befindlichen Trainingsgel\u00e4nde, die Athletinnen wurden dann kurz vor ihrem Antritt im jeweiligen Bewerb im Callroom versammelt und wurden von Volunteers ins Stadion zu ihrer Wettkampfst\u00e4tte gebracht. Danach bei den L\u00e4ufen eine namentliche Vorstellung, die \u00fcber die gro\u00dfe Videowall im Stadion live \u00fcbertragen wurde. S\u00e4mtliche Bewerbe wurden durch zahlreiche Kameras live gestreamt bzw. wurden \u00fcber die Videowall im Stadion gezeigt (inkl. Wiederholungen usw). Vom Setting her war also kein Unterschied zu den Wettk\u00e4mpfen der allgemeinen Klasse bei EM, WM oder Olympischen Spiele zu erkennen.<\/p>\n\n\n\n<p>Das war nat\u00fcrlich eine v\u00f6llig neue Erfahrung f\u00fcr mich und ich habe ein wenig gebraucht, damit zurecht zu kommen.<\/p>\n\n\n\n<h2 class=\"has-col-16-abdd-color has-text-color wp-block-heading\">Tag 1<\/h2>\n\n\n\n<h3 class=\"has-col-16-abdd-color has-text-color wp-block-heading\">Start des Wettkampfs mit 100m H\u00fcrdenlauf<\/h3>\n\n\n\n<p>Ich war im dritten Vorlauf an der Reihe. Gerade als ich das Stadion mit meiner Gruppe betrat war der zweite Lauf mit meiner \u00f6sterreichischen Kollegin und Freundin Sophie Kreiner in Gang und Sophie kam bei der 4. H\u00fcrde zu Sturz und lag genau vor mir&#8230; das war in meiner Situation nicht sehr hilfreich. Erinnerungen an meinen Sturz in der Halle kamen hoch und ich war au\u00dferdem nerv\u00f6s wie nie zuvor. Gottseidank hat sich Sophie nicht verletzt, wurde aber wegen Behinderung (eine H\u00fcrde der Nachbarbahn ist bei ihrem Sturz auch umgefallen) disqualifiziert und damit war ihr Wettkampf schon zu Ende noch eher er richtig begonnen hatte!<\/p>\n\n\n\n<p>Dementsprechend vorsichtig legte ich meinen Lauf an und riskierte nicht alles. Damit kamen aber auch nur 14,83s in die Wertung, was doch deutlich hinter meiner pers\u00f6nlichen Bestzeit war. Somit ein sehr verhaltener Start, mit dem ich nicht sonderlich zufrieden war.<\/p>\n\n\n\n<div class=\"wp-block-image\"><figure class=\"aligncenter size-large\"><img decoding=\"async\" src=\"https:\/\/www.it-ps.at\/wp-content\/uploads\/2021\/07\/anja-huerdenlauf.jpg\" alt=\"\" class=\"wp-image-3582\" \/><figcaption>\u00a9 \u00d6LV \/ Coen Schildermann<\/figcaption><\/figure><\/div>\n\n\n\n<h3 class=\"has-col-16-abdd-color has-text-color wp-block-heading\">Rang 16 nach Hochsprung<\/h3>\n\n\n\n<p>Auf Grund meiner pers\u00f6nlichen Bestzeit von 1,76m war ich in der \u201ebesseren\u201c von zwei Gruppen eingeteilt, die auf zwei Anlagen parallel sprangen. Noch immer nerv\u00f6s stieg ich bei 1,57m in den Bewerb ein und konnte danach alle H\u00f6hen bis inklusive 1,72m im ersten Versuch bew\u00e4ltigen. Wie stark das Feld war l\u00e4sst sich an der Tatsache festmachen, dass alle 10 Athletinnen dieser Gruppe ihre H\u00f6hen (Steigerung immer 3cm) bis 1,72m OHNE Fehlversuch absolvierten. Leider schaffte ich die 1,75 nicht mehr, konnte aber viel Pl\u00e4tze gut machen und lag zwischenzeitlich auf Rang 16 der Gesamtwertung.<\/p>\n\n\n\n<h3 class=\"has-text-align-left has-col-16-abdd-color has-text-color wp-block-heading\">Top 20 Platzierung verpasst nach Kugelsto\u00df<\/h3>\n\n\n\n<p>Diese Disziplin ist bekannterma\u00dfen nicht meine St\u00e4rke und ich rechnete damit nach diesem Bewerb einige Pl\u00e4tze zu verlieren, was ich mit den anderen Disziplinen aber wieder ausgleichen wollte. Leider schaffte ich an diesem Tag nur 9,12m und fiel aus den Top 20 heraus. Zus\u00e4tzlich zu meinem pers\u00f6nlichen Angstbewerb spielten sicher auch die mittlerweile \u00fcber 30 Grad im Schatten und eine sehr hohe Luftfeuchtigkeit eine Rolle, aber diese Verh\u00e4ltnisse galten ja f\u00fcr alle Mehrk\u00e4mpferinnen.<\/p>\n\n\n\n<div class=\"wp-block-image\"><figure class=\"aligncenter size-large\"><img decoding=\"async\" src=\"https:\/\/www.it-ps.at\/wp-content\/uploads\/2021\/07\/anja-4.jpg\" alt=\"\" class=\"wp-image-3586\" \/><figcaption>\u00a9 \u00d6LV \/ Coen Schildermann<\/figcaption><\/figure><\/div>\n\n\n\n<h3 class=\"has-col-16-abdd-color has-text-color wp-block-heading\">Wieder Hoffnung auf Top 20 Platzierung nach 200m Lauf<\/h3>\n\n\n\n<p>Der letzte Bewerb des ersten Wettkampftages ging bei mittlerweile 34 Grad \u00fcber die B\u00fchne. Ich war im zweiten Lauf an der Reihe und konnte mit 25,61s in die N\u00e4he meiner pers\u00f6nlichen Bestzeit laufen. Das ergab nach einem langen Wettkampftag Zwischenrang 21 und die Hoffnung auf einen Top-20 Platz mit einem starken zweiten Wettkampftag.<\/p>\n\n\n\n<h2 class=\"has-col-16-abdd-color has-text-color wp-block-heading\">Tag 2<\/h2>\n\n\n\n<h3 class=\"has-col-16-abdd-color has-text-color wp-block-heading\">Tag 2 startet hoffnungsvoll nach Weitsprung mit Platz 17<\/h3>\n\n\n\n<p>Mit meiner pers\u00f6nlichen Bestzeit von 5,70m in dieser Disziplin lag ich von den Nennwerten auch hier nur im hinteren Drittel. Auch hier gab es zwei Gruppen parallel auf zwei Anlagen nebeneinander. Mit einer f\u00fcr mich starken Serie von 5,45m\/5,60m und 5,66m war ich dann doch mit vorne dabei und konnte mich wieder auf Platz 17 in der Gesamtwertung vorschieben.<\/p>\n\n\n\n<h3 class=\"has-col-16-abdd-color has-text-color wp-block-heading\">Speerwurf verschiebt Platzierung leider wieder auf Rang 22<\/h3>\n\n\n\n<p>Kam nach dem Weitsprung noch Hoffnung auf eine gute Platzierung auf, wurde diese leider im Speerwurf gleich wieder zunichte gemacht. Im ersten Versuch schleuderte ich das Ger\u00e4t mit einem Sicherheitswurf auf 29,99m. Der zweite und dritte Versuch gingen deutlich weiter, wurden aber wegen einer zu flachen Landung jeweils f\u00fcr ung\u00fcltig erkl\u00e4rt. Der b\u00f6ige Gegenwind war hier nicht unbedingt auf meiner Seite, aber es half nichts. Leider verlor ich durch diesen extrem niedrigen Wert sehr viele wertvolle Punkte und fand mich vor dem 800m Lauf nur mehr auf Rang 22 der Gesamtwertung wieder.<\/p>\n\n\n\n<div class=\"wp-block-image\"><figure class=\"aligncenter size-large\"><img decoding=\"async\" src=\"https:\/\/www.it-ps.at\/wp-content\/uploads\/2021\/07\/anja-speerwurf.jpg\" alt=\"\" class=\"wp-image-3590\" \/><figcaption>\u00a9 \u00d6LV \/ Coen Schildermann<\/figcaption><\/figure><\/div>\n\n\n\n<h3 class=\"has-col-16-abdd-color has-text-color wp-block-heading\">800m Lauf bringt als Endergebnis Platz 24<\/h3>\n\n\n\n<p>Trotz der Riesenentt\u00e4uschung vom Speerwurfbewerb davor ging ich k\u00e4mpferisch und topmotiviert in den Abschlussbewerb. Mit einer guten Performance war der Sprung unter die Top 20 noch m\u00f6glich und diese Chance wollte ich nutzen. Angetrieben vom tollen und fairen, internationalen Publikum legte ich ambitioniert los und erreichte das Ziel als Laufdritte mit 2:23,85min. Gro\u00dfe Freude kam auf, weil damit hatte ich noch zwei Konkurrentinnen \u00fcberholt und belegte den 20. Endrang. Doch auch hier w\u00e4hrte die Freude nur kurz, denn ich war ein wenig zu fr\u00fch von meiner Au\u00dfenbahn nach innen gezogen und wurde daher zurecht disqualifiziert. Damit fielen die Punkte vom 800er komplett aus der Wertung und ich belegte mit nur 6 von 7 gewerteten Bewerben den 24.Platz.<\/p>\n\n\n\n<h2 class=\"has-col-16-abdd-color has-text-color wp-block-heading\">Ein starker Start f\u00fcr zuk\u00fcnftige Europa- und Weltmeisterschaften<\/h2>\n\n\n\n<p>Tr\u00e4nen der Entt\u00e4uschung und des \u00c4rgers \u00fcber meinen Fehler wichen aber bald den neuen Zielen:<\/p>\n\n\n\n\n\n<p>Wir k\u00f6nnen deine Entt\u00e4uschung nachvollziehen, aber finden, dass der 24. Platz bei diesem internationalen Gro\u00dfevent ein ganz toller Erfolg ist! Erhol dich gut und wir freuen uns jetzt schon weitere Erfolge von dir zu lesen!<\/p>\n","protected":false},"excerpt":{"rendered":"<p>\u00a9 \u00d6LV \/ Coen Schildermann<\/p>\n","protected":false},"author":5,"featured_media":1631,"comment_status":"closed","ping_status":"closed","sticky":false,"template":"","format":"standard","meta":{"_EventAllDay":false,"_EventTimezone":"","_EventStartDate":"","_EventEndDate":"","_EventStartDateUTC":"","_EventEndDateUTC":"","_EventShowMap":false,"_EventShowMapLink":false,"_EventURL":"","_EventCost":"","_EventCostDescription":"","_EventCurrencySymbol":"","_EventCurrencyCode":"","_EventCurrencyPosition":"","_EventDateTimeSeparator":"","_EventTimeRangeSeparator":"","_EventOrganizerID":[],"_EventVenueID":[],"_OrganizerEmail":"","_OrganizerPhone":"","_OrganizerWebsite":"","_VenueAddress":"","_VenueCity":"","_VenueCountry":"","_VenueProvince":"","_VenueState":"","_VenueZip":"","_VenuePhone":"","_VenueURL":"","_VenueStateProvince":"","_VenueLat":"","_VenueLng":"","_VenueShowMap":false,"_VenueShowMapLink":false,"footnotes":""},"categories":[15],"tags":[],"class_list":["post-1630","post","type-post","status-publish","format-standard","has-post-thumbnail","hentry","category-allgemeines"],"aioseo_notices":[],"_links":{"self":[{"href":"https:\/\/www.it-ps.de\/en\/wp-json\/wp\/v2\/posts\/1630","targetHints":{"allow":["GET"]}}],"collection":[{"href":"https:\/\/www.it-ps.de\/en\/wp-json\/wp\/v2\/posts"}],"about":[{"href":"https:\/\/www.it-ps.de\/en\/wp-json\/wp\/v2\/types\/post"}],"author":[{"embeddable":true,"href":"https:\/\/www.it-ps.de\/en\/wp-json\/wp\/v2\/users\/5"}],"replies":[{"embeddable":true,"href":"https:\/\/www.it-ps.de\/en\/wp-json\/wp\/v2\/comments?post=1630"}],"version-history":[{"count":0,"href":"https:\/\/www.it-ps.de\/en\/wp-json\/wp\/v2\/posts\/1630\/revisions"}],"wp:featuredmedia":[{"embeddable":true,"href":"https:\/\/www.it-ps.de\/en\/wp-json\/wp\/v2\/media\/1631"}],"wp:attachment":[{"href":"https:\/\/www.it-ps.de\/en\/wp-json\/wp\/v2\/media?parent=1630"}],"wp:term":[{"taxonomy":"category","embeddable":true,"href":"https:\/\/www.it-ps.de\/en\/wp-json\/wp\/v2\/categories?post=1630"},{"taxonomy":"post_tag","embeddable":true,"href":"https:\/\/www.it-ps.de\/en\/wp-json\/wp\/v2\/tags?post=1630"}],"curies":[{"name":"wp","href":"https:\/\/api.w.org\/{rel}","templated":true}]}}